{"id":415,"date":"2019-12-05T14:11:12","date_gmt":"2019-12-05T13:11:12","guid":{"rendered":"https:\/\/data.bz.it\/?p=415"},"modified":"2019-12-05T14:11:12","modified_gmt":"2019-12-05T13:11:12","slug":"la-detrazione-iva-sulle-fatture-ricevute-a-fine-anno","status":"publish","type":"post","link":"https:\/\/data.bz.it\/it\/la-detrazione-iva-sulle-fatture-ricevute-a-fine-anno\/","title":{"rendered":"La detrazione Iva sulle fatture ricevute a fine anno"},"content":{"rendered":"<p>A fine anno occorre monitorare attentamente l\u2019arrivo delle fatture di acquisto per determinare il momento in cui \u00e8 possibile detrarre l\u2019Iva a credito.<br \/>\nIl diritto alla detrazione dell&#8217;imposta relativa ai beni e servizi acquistati o importati sorge nel momento in cui l&#8217;imposta diviene esigibile ed \u00e8 esercitato al pi\u00f9 tardi con la dichiarazione relativa all&#8217; anno in cui il diritto alla detrazione \u00e8 sorto ed alle condizioni esistenti al momento della nascita del diritto medesimo (articolo 19, comma 1, secondo periodo, D.P.R. 633\/1972).<\/p>\n<p>&nbsp;<\/p>\n<p><a href=\"https:\/\/data.bz.it\/it\/la-detrazione-iva-sulle-fatture-ricevute-a-fine-anno\/detrazione-iva\/\" rel=\"attachment wp-att-416\">Leggi tutto<\/a><\/p>\n","protected":false},"excerpt":{"rendered":"<p>A fine anno occorre monitorare attentamente l\u2019arrivo delle fatture di acquisto per determinare il momento in cui \u00e8 possibile detrarre l\u2019Iva a credito. Il diritto alla detrazione dell&#8217;imposta relativa ai beni e servizi acquistati o importati sorge nel momento in cui l&#8217;imposta diviene esigibile ed \u00e8 esercitato al pi\u00f9 tardi con la dichiarazione relativa all&#8217; [&hellip;]<\/p>\n","protected":false},"author":3,"featured_media":0,"comment_status":"open","ping_status":"open","sticky":false,"template":"","format":"standard","meta":{"footnotes":""},"tags":[],"class_list":["post-415","post","type-post","status-publish","format-standard","hentry"],"yoast_head":"<!-- This site is optimized with the Yoast SEO plugin v27.3 - https:\/\/yoast.com\/product\/yoast-seo-wordpress\/ -->\n<title>La detrazione Iva sulle fatture ricevute a fine anno - DataConsulting<\/title>\n<meta name=\"robots\" content=\"index, follow, max-snippet:-1, max-image-preview:large, max-video-preview:-1\" \/>\n<link rel=\"canonical\" href=\"https:\/\/data.bz.it\/it\/la-detrazione-iva-sulle-fatture-ricevute-a-fine-anno\/\" \/>\n<meta property=\"og:locale\" content=\"it_IT\" \/>\n<meta property=\"og:type\" content=\"article\" \/>\n<meta property=\"og:title\" content=\"La detrazione Iva sulle fatture ricevute a fine anno - DataConsulting\" \/>\n<meta property=\"og:description\" content=\"A fine anno occorre monitorare attentamente l\u2019arrivo delle fatture di acquisto per determinare il momento in cui \u00e8 possibile detrarre l\u2019Iva a credito. Il diritto alla detrazione dell&#8217;imposta relativa ai beni e servizi acquistati o importati sorge nel momento in cui l&#8217;imposta diviene esigibile ed \u00e8 esercitato al pi\u00f9 tardi con la dichiarazione relativa all&#8217; [&hellip;]\" \/>\n<meta property=\"og:url\" content=\"https:\/\/data.bz.it\/it\/la-detrazione-iva-sulle-fatture-ricevute-a-fine-anno\/\" \/>\n<meta property=\"og:site_name\" content=\"DataConsulting\" \/>\n<meta property=\"article:published_time\" content=\"2019-12-05T13:11:12+00:00\" \/>\n<meta property=\"og:image\" content=\"https:\/\/data.bz.it\/wp-content\/uploads\/2019\/10\/databz-og-1.png\" \/>\n\t<meta property=\"og:image:width\" content=\"1600\" \/>\n\t<meta property=\"og:image:height\" content=\"802\" \/>\n\t<meta property=\"og:image:type\" content=\"image\/png\" \/>\n<meta name=\"author\" content=\"dataconsulting\" \/>\n<meta name=\"twitter:card\" content=\"summary_large_image\" \/>\n<meta name=\"twitter:label1\" content=\"Scritto da\" \/>\n\t<meta name=\"twitter:data1\" content=\"dataconsulting\" \/>\n<script type=\"application\/ld+json\" class=\"yoast-schema-graph\">{\"@context\":\"https:\\\/\\\/schema.org\",\"@graph\":[{\"@type\":\"Article\",\"@id\":\"https:\\\/\\\/data.bz.it\\\/it\\\/la-detrazione-iva-sulle-fatture-ricevute-a-fine-anno\\\/#article\",\"isPartOf\":{\"@id\":\"https:\\\/\\\/data.bz.it\\\/it\\\/la-detrazione-iva-sulle-fatture-ricevute-a-fine-anno\\\/\"},\"author\":{\"name\":\"dataconsulting\",\"@id\":\"https:\\\/\\\/data.bz.it\\\/it\\\/#\\\/schema\\\/person\\\/dee09988561d7578dc6a75c68adc50a6\"},\"headline\":\"La detrazione Iva sulle fatture ricevute a fine anno\",\"datePublished\":\"2019-12-05T13:11:12+00:00\",\"mainEntityOfPage\":{\"@id\":\"https:\\\/\\\/data.bz.it\\\/it\\\/la-detrazione-iva-sulle-fatture-ricevute-a-fine-anno\\\/\"},\"wordCount\":95,\"commentCount\":0,\"articleSection\":[\"Non categorizzato\"],\"inLanguage\":\"it-IT\"},{\"@type\":\"WebPage\",\"@id\":\"https:\\\/\\\/data.bz.it\\\/it\\\/la-detrazione-iva-sulle-fatture-ricevute-a-fine-anno\\\/\",\"url\":\"https:\\\/\\\/data.bz.it\\\/it\\\/la-detrazione-iva-sulle-fatture-ricevute-a-fine-anno\\\/\",\"name\":\"La detrazione Iva sulle fatture ricevute a fine anno - DataConsulting\",\"isPartOf\":{\"@id\":\"https:\\\/\\\/data.bz.it\\\/it\\\/#website\"},\"datePublished\":\"2019-12-05T13:11:12+00:00\",\"author\":{\"@id\":\"https:\\\/\\\/data.bz.it\\\/it\\\/#\\\/schema\\\/person\\\/dee09988561d7578dc6a75c68adc50a6\"},\"breadcrumb\":{\"@id\":\"https:\\\/\\\/data.bz.it\\\/it\\\/la-detrazione-iva-sulle-fatture-ricevute-a-fine-anno\\\/#breadcrumb\"},\"inLanguage\":\"it-IT\",\"potentialAction\":[{\"@type\":\"ReadAction\",\"target\":[\"https:\\\/\\\/data.bz.it\\\/it\\\/la-detrazione-iva-sulle-fatture-ricevute-a-fine-anno\\\/\"]}]},{\"@type\":\"BreadcrumbList\",\"@id\":\"https:\\\/\\\/data.bz.it\\\/it\\\/la-detrazione-iva-sulle-fatture-ricevute-a-fine-anno\\\/#breadcrumb\",\"itemListElement\":[{\"@type\":\"ListItem\",\"position\":1,\"name\":\"Home\",\"item\":\"https:\\\/\\\/data.bz.it\\\/it\\\/\"},{\"@type\":\"ListItem\",\"position\":2,\"name\":\"La detrazione Iva sulle fatture ricevute a fine anno\"}]},{\"@type\":\"WebSite\",\"@id\":\"https:\\\/\\\/data.bz.it\\\/it\\\/#website\",\"url\":\"https:\\\/\\\/data.bz.it\\\/it\\\/\",\"name\":\"DataConsulting\",\"description\":\"Un nuovo sito targato WordPress\",\"potentialAction\":[{\"@type\":\"SearchAction\",\"target\":{\"@type\":\"EntryPoint\",\"urlTemplate\":\"https:\\\/\\\/data.bz.it\\\/it\\\/?s={search_term_string}\"},\"query-input\":{\"@type\":\"PropertyValueSpecification\",\"valueRequired\":true,\"valueName\":\"search_term_string\"}}],\"inLanguage\":\"it-IT\"},{\"@type\":\"Person\",\"@id\":\"https:\\\/\\\/data.bz.it\\\/it\\\/#\\\/schema\\\/person\\\/dee09988561d7578dc6a75c68adc50a6\",\"name\":\"dataconsulting\",\"image\":{\"@type\":\"ImageObject\",\"inLanguage\":\"it-IT\",\"@id\":\"https:\\\/\\\/secure.gravatar.com\\\/avatar\\\/75b7d867f54a1c07bf0e390fc1b564a12b76c93c113e97f0709facc1ff05852c?s=96&d=mm&r=g\",\"url\":\"https:\\\/\\\/secure.gravatar.com\\\/avatar\\\/75b7d867f54a1c07bf0e390fc1b564a12b76c93c113e97f0709facc1ff05852c?s=96&d=mm&r=g\",\"contentUrl\":\"https:\\\/\\\/secure.gravatar.com\\\/avatar\\\/75b7d867f54a1c07bf0e390fc1b564a12b76c93c113e97f0709facc1ff05852c?s=96&d=mm&r=g\",\"caption\":\"dataconsulting\"},\"url\":\"https:\\\/\\\/data.bz.it\\\/it\\\/author\\\/dataconsulting\\\/\"}]}<\/script>\n<!-- \/ Yoast SEO plugin. -->","yoast_head_json":{"title":"La detrazione Iva sulle fatture ricevute a fine anno - DataConsulting","robots":{"index":"index","follow":"follow","max-snippet":"max-snippet:-1","max-image-preview":"max-image-preview:large","max-video-preview":"max-video-preview:-1"},"canonical":"https:\/\/data.bz.it\/it\/la-detrazione-iva-sulle-fatture-ricevute-a-fine-anno\/","og_locale":"it_IT","og_type":"article","og_title":"La detrazione Iva sulle fatture ricevute a fine anno - DataConsulting","og_description":"A fine anno occorre monitorare attentamente l\u2019arrivo delle fatture di acquisto per determinare il momento in cui \u00e8 possibile detrarre l\u2019Iva a credito. Il diritto alla detrazione dell&#8217;imposta relativa ai beni e servizi acquistati o importati sorge nel momento in cui l&#8217;imposta diviene esigibile ed \u00e8 esercitato al pi\u00f9 tardi con la dichiarazione relativa all&#8217; [&hellip;]","og_url":"https:\/\/data.bz.it\/it\/la-detrazione-iva-sulle-fatture-ricevute-a-fine-anno\/","og_site_name":"DataConsulting","article_published_time":"2019-12-05T13:11:12+00:00","og_image":[{"width":1600,"height":802,"url":"https:\/\/data.bz.it\/wp-content\/uploads\/2019\/10\/databz-og-1.png","type":"image\/png"}],"author":"dataconsulting","twitter_card":"summary_large_image","twitter_misc":{"Scritto da":"dataconsulting"},"schema":{"@context":"https:\/\/schema.org","@graph":[{"@type":"Article","@id":"https:\/\/data.bz.it\/it\/la-detrazione-iva-sulle-fatture-ricevute-a-fine-anno\/#article","isPartOf":{"@id":"https:\/\/data.bz.it\/it\/la-detrazione-iva-sulle-fatture-ricevute-a-fine-anno\/"},"author":{"name":"dataconsulting","@id":"https:\/\/data.bz.it\/it\/#\/schema\/person\/dee09988561d7578dc6a75c68adc50a6"},"headline":"La detrazione Iva sulle fatture ricevute a fine anno","datePublished":"2019-12-05T13:11:12+00:00","mainEntityOfPage":{"@id":"https:\/\/data.bz.it\/it\/la-detrazione-iva-sulle-fatture-ricevute-a-fine-anno\/"},"wordCount":95,"commentCount":0,"articleSection":["Non categorizzato"],"inLanguage":"it-IT"},{"@type":"WebPage","@id":"https:\/\/data.bz.it\/it\/la-detrazione-iva-sulle-fatture-ricevute-a-fine-anno\/","url":"https:\/\/data.bz.it\/it\/la-detrazione-iva-sulle-fatture-ricevute-a-fine-anno\/","name":"La detrazione Iva sulle fatture ricevute a fine anno - DataConsulting","isPartOf":{"@id":"https:\/\/data.bz.it\/it\/#website"},"datePublished":"2019-12-05T13:11:12+00:00","author":{"@id":"https:\/\/data.bz.it\/it\/#\/schema\/person\/dee09988561d7578dc6a75c68adc50a6"},"breadcrumb":{"@id":"https:\/\/data.bz.it\/it\/la-detrazione-iva-sulle-fatture-ricevute-a-fine-anno\/#breadcrumb"},"inLanguage":"it-IT","potentialAction":[{"@type":"ReadAction","target":["https:\/\/data.bz.it\/it\/la-detrazione-iva-sulle-fatture-ricevute-a-fine-anno\/"]}]},{"@type":"BreadcrumbList","@id":"https:\/\/data.bz.it\/it\/la-detrazione-iva-sulle-fatture-ricevute-a-fine-anno\/#breadcrumb","itemListElement":[{"@type":"ListItem","position":1,"name":"Home","item":"https:\/\/data.bz.it\/it\/"},{"@type":"ListItem","position":2,"name":"La detrazione Iva sulle fatture ricevute a fine anno"}]},{"@type":"WebSite","@id":"https:\/\/data.bz.it\/it\/#website","url":"https:\/\/data.bz.it\/it\/","name":"DataConsulting","description":"Un nuovo sito targato WordPress","potentialAction":[{"@type":"SearchAction","target":{"@type":"EntryPoint","urlTemplate":"https:\/\/data.bz.it\/it\/?s={search_term_string}"},"query-input":{"@type":"PropertyValueSpecification","valueRequired":true,"valueName":"search_term_string"}}],"inLanguage":"it-IT"},{"@type":"Person","@id":"https:\/\/data.bz.it\/it\/#\/schema\/person\/dee09988561d7578dc6a75c68adc50a6","name":"dataconsulting","image":{"@type":"ImageObject","inLanguage":"it-IT","@id":"https:\/\/secure.gravatar.com\/avatar\/75b7d867f54a1c07bf0e390fc1b564a12b76c93c113e97f0709facc1ff05852c?s=96&d=mm&r=g","url":"https:\/\/secure.gravatar.com\/avatar\/75b7d867f54a1c07bf0e390fc1b564a12b76c93c113e97f0709facc1ff05852c?s=96&d=mm&r=g","contentUrl":"https:\/\/secure.gravatar.com\/avatar\/75b7d867f54a1c07bf0e390fc1b564a12b76c93c113e97f0709facc1ff05852c?s=96&d=mm&r=g","caption":"dataconsulting"},"url":"https:\/\/data.bz.it\/it\/author\/dataconsulting\/"}]}},"_links":{"self":[{"href":"https:\/\/data.bz.it\/it\/wp-json\/wp\/v2\/posts\/415","targetHints":{"allow":["GET"]}}],"collection":[{"href":"https:\/\/data.bz.it\/it\/wp-json\/wp\/v2\/posts"}],"about":[{"href":"https:\/\/data.bz.it\/it\/wp-json\/wp\/v2\/types\/post"}],"author":[{"embeddable":true,"href":"https:\/\/data.bz.it\/it\/wp-json\/wp\/v2\/users\/3"}],"replies":[{"embeddable":true,"href":"https:\/\/data.bz.it\/it\/wp-json\/wp\/v2\/comments?post=415"}],"version-history":[{"count":2,"href":"https:\/\/data.bz.it\/it\/wp-json\/wp\/v2\/posts\/415\/revisions"}],"predecessor-version":[{"id":418,"href":"https:\/\/data.bz.it\/it\/wp-json\/wp\/v2\/posts\/415\/revisions\/418"}],"wp:attachment":[{"href":"https:\/\/data.bz.it\/it\/wp-json\/wp\/v2\/media?parent=415"}],"wp:term":[{"taxonomy":"post_tag","embeddable":true,"href":"https:\/\/data.bz.it\/it\/wp-json\/wp\/v2\/tags?post=415"}],"curies":[{"name":"wp","href":"https:\/\/api.w.org\/{rel}","templated":true}]}}