{"id":6596,"date":"2025-11-11T08:50:33","date_gmt":"2025-11-11T07:50:33","guid":{"rendered":"https:\/\/data.bz.it\/?p=6596"},"modified":"2025-11-11T08:50:33","modified_gmt":"2025-11-11T07:50:33","slug":"kollektivvertrag-handel-vertrieb-und-dienstleistungen-anpassung-der-mindestloehne-ab-november-2025","status":"publish","type":"post","link":"https:\/\/data.bz.it\/de\/kollektivvertrag-handel-vertrieb-und-dienstleistungen-anpassung-der-mindestloehne-ab-november-2025\/","title":{"rendered":"KOLLEKTIVVERTRAG HANDEL, VERTRIEB UND DIENSTLEISTUNGEN \u2013 ANPASSUNG DER MINDESTL\u00d6HNE AB NOVEMBER 2025"},"content":{"rendered":"<p>Sehr geehrte Kundinnen und Kunden,<br \/>\nin Bezug auf unsere Rundschreiben vom 28.03.2025 und 24.04.2024 \u00fcbermitteln wir Ihnen nachfolgend ein aktualisiertes Informationsschreiben, das sich ausschlie\u00dflich auf die noch ausstehenden kollektivvertraglichen Lohnerh\u00f6hungen bezieht \u2013 mit besonderem Schwerpunkt auf der anstehenden Anpassung im November 2025.<\/p>\n<p><a href=\"https:\/\/data.bz.it\/wp-content\/uploads\/2025\/11\/PAGHE-1-TED-1.pdf\">Weiterlesen<\/a><\/p>\n","protected":false},"excerpt":{"rendered":"<p>Sehr geehrte Kundinnen und Kunden, in Bezug auf unsere Rundschreiben vom 28.03.2025 und 24.04.2024 \u00fcbermitteln wir Ihnen nachfolgend ein aktualisiertes Informationsschreiben, das sich ausschlie\u00dflich auf die noch ausstehenden kollektivvertraglichen Lohnerh\u00f6hungen bezieht \u2013 mit besonderem Schwerpunkt auf der anstehenden Anpassung im November 2025. Weiterlesen<\/p>\n","protected":false},"author":8,"featured_media":0,"comment_status":"closed","ping_status":"closed","sticky":false,"template":"","format":"standard","meta":{"footnotes":""},"tags":[85],"class_list":["post-6596","post","type-post","status-publish","format-standard","hentry","tag-personalverwaltung"],"yoast_head":"<!-- This site is optimized with the Yoast SEO plugin v27.3 - https:\/\/yoast.com\/product\/yoast-seo-wordpress\/ -->\n<title>KOLLEKTIVVERTRAG HANDEL, VERTRIEB UND DIENSTLEISTUNGEN \u2013 ANPASSUNG DER MINDESTL\u00d6HNE AB NOVEMBER 2025 - DataConsulting<\/title>\n<meta name=\"robots\" content=\"index, follow, max-snippet:-1, max-image-preview:large, max-video-preview:-1\" \/>\n<link rel=\"canonical\" href=\"https:\/\/data.bz.it\/de\/kollektivvertrag-handel-vertrieb-und-dienstleistungen-anpassung-der-mindestloehne-ab-november-2025\/\" \/>\n<meta property=\"og:locale\" content=\"de_DE\" \/>\n<meta property=\"og:type\" content=\"article\" \/>\n<meta property=\"og:title\" content=\"KOLLEKTIVVERTRAG HANDEL, VERTRIEB UND DIENSTLEISTUNGEN \u2013 ANPASSUNG DER MINDESTL\u00d6HNE AB NOVEMBER 2025 - DataConsulting\" \/>\n<meta property=\"og:description\" content=\"Sehr geehrte Kundinnen und Kunden, in Bezug auf unsere Rundschreiben vom 28.03.2025 und 24.04.2024 \u00fcbermitteln wir Ihnen nachfolgend ein aktualisiertes Informationsschreiben, das sich ausschlie\u00dflich auf die noch ausstehenden kollektivvertraglichen Lohnerh\u00f6hungen bezieht \u2013 mit besonderem Schwerpunkt auf der anstehenden Anpassung im November 2025. Weiterlesen\" \/>\n<meta property=\"og:url\" content=\"https:\/\/data.bz.it\/de\/kollektivvertrag-handel-vertrieb-und-dienstleistungen-anpassung-der-mindestloehne-ab-november-2025\/\" \/>\n<meta property=\"og:site_name\" content=\"DataConsulting\" \/>\n<meta property=\"article:published_time\" content=\"2025-11-11T07:50:33+00:00\" \/>\n<meta property=\"og:image\" content=\"https:\/\/data.bz.it\/wp-content\/uploads\/2019\/10\/databz-og-1.png\" \/>\n\t<meta property=\"og:image:width\" content=\"1600\" \/>\n\t<meta property=\"og:image:height\" content=\"802\" \/>\n\t<meta property=\"og:image:type\" content=\"image\/png\" \/>\n<meta name=\"author\" content=\"circolari\" \/>\n<meta name=\"twitter:card\" content=\"summary_large_image\" \/>\n<meta name=\"twitter:label1\" content=\"Written by\" \/>\n\t<meta name=\"twitter:data1\" content=\"circolari\" \/>\n\t<meta name=\"twitter:label2\" content=\"Est. reading time\" \/>\n\t<meta name=\"twitter:data2\" content=\"1 minute\" \/>\n<script type=\"application\/ld+json\" class=\"yoast-schema-graph\">{\"@context\":\"https:\\\/\\\/schema.org\",\"@graph\":[{\"@type\":\"Article\",\"@id\":\"https:\\\/\\\/data.bz.it\\\/de\\\/kollektivvertrag-handel-vertrieb-und-dienstleistungen-anpassung-der-mindestloehne-ab-november-2025\\\/#article\",\"isPartOf\":{\"@id\":\"https:\\\/\\\/data.bz.it\\\/de\\\/kollektivvertrag-handel-vertrieb-und-dienstleistungen-anpassung-der-mindestloehne-ab-november-2025\\\/\"},\"author\":{\"name\":\"circolari\",\"@id\":\"https:\\\/\\\/data.bz.it\\\/it\\\/#\\\/schema\\\/person\\\/50ec44bd6f067eff027eb9f850112892\"},\"headline\":\"KOLLEKTIVVERTRAG HANDEL, VERTRIEB UND DIENSTLEISTUNGEN \u2013 ANPASSUNG DER MINDESTL\u00d6HNE AB NOVEMBER 2025\",\"datePublished\":\"2025-11-11T07:50:33+00:00\",\"mainEntityOfPage\":{\"@id\":\"https:\\\/\\\/data.bz.it\\\/de\\\/kollektivvertrag-handel-vertrieb-und-dienstleistungen-anpassung-der-mindestloehne-ab-november-2025\\\/\"},\"wordCount\":52,\"keywords\":[\"Personalverwaltung\"],\"inLanguage\":\"de-DE\"},{\"@type\":\"WebPage\",\"@id\":\"https:\\\/\\\/data.bz.it\\\/de\\\/kollektivvertrag-handel-vertrieb-und-dienstleistungen-anpassung-der-mindestloehne-ab-november-2025\\\/\",\"url\":\"https:\\\/\\\/data.bz.it\\\/de\\\/kollektivvertrag-handel-vertrieb-und-dienstleistungen-anpassung-der-mindestloehne-ab-november-2025\\\/\",\"name\":\"KOLLEKTIVVERTRAG HANDEL, VERTRIEB UND DIENSTLEISTUNGEN \u2013 ANPASSUNG DER MINDESTL\u00d6HNE AB NOVEMBER 2025 - DataConsulting\",\"isPartOf\":{\"@id\":\"https:\\\/\\\/data.bz.it\\\/it\\\/#website\"},\"datePublished\":\"2025-11-11T07:50:33+00:00\",\"author\":{\"@id\":\"https:\\\/\\\/data.bz.it\\\/it\\\/#\\\/schema\\\/person\\\/50ec44bd6f067eff027eb9f850112892\"},\"breadcrumb\":{\"@id\":\"https:\\\/\\\/data.bz.it\\\/de\\\/kollektivvertrag-handel-vertrieb-und-dienstleistungen-anpassung-der-mindestloehne-ab-november-2025\\\/#breadcrumb\"},\"inLanguage\":\"de-DE\",\"potentialAction\":[{\"@type\":\"ReadAction\",\"target\":[\"https:\\\/\\\/data.bz.it\\\/de\\\/kollektivvertrag-handel-vertrieb-und-dienstleistungen-anpassung-der-mindestloehne-ab-november-2025\\\/\"]}]},{\"@type\":\"BreadcrumbList\",\"@id\":\"https:\\\/\\\/data.bz.it\\\/de\\\/kollektivvertrag-handel-vertrieb-und-dienstleistungen-anpassung-der-mindestloehne-ab-november-2025\\\/#breadcrumb\",\"itemListElement\":[{\"@type\":\"ListItem\",\"position\":1,\"name\":\"Home\",\"item\":\"https:\\\/\\\/data.bz.it\\\/de\\\/\"},{\"@type\":\"ListItem\",\"position\":2,\"name\":\"KOLLEKTIVVERTRAG HANDEL, VERTRIEB UND DIENSTLEISTUNGEN \u2013 ANPASSUNG DER MINDESTL\u00d6HNE AB NOVEMBER 2025\"}]},{\"@type\":\"WebSite\",\"@id\":\"https:\\\/\\\/data.bz.it\\\/it\\\/#website\",\"url\":\"https:\\\/\\\/data.bz.it\\\/it\\\/\",\"name\":\"DataConsulting\",\"description\":\"Un nuovo sito targato WordPress\",\"potentialAction\":[{\"@type\":\"SearchAction\",\"target\":{\"@type\":\"EntryPoint\",\"urlTemplate\":\"https:\\\/\\\/data.bz.it\\\/it\\\/?s={search_term_string}\"},\"query-input\":{\"@type\":\"PropertyValueSpecification\",\"valueRequired\":true,\"valueName\":\"search_term_string\"}}],\"inLanguage\":\"de-DE\"},{\"@type\":\"Person\",\"@id\":\"https:\\\/\\\/data.bz.it\\\/it\\\/#\\\/schema\\\/person\\\/50ec44bd6f067eff027eb9f850112892\",\"name\":\"circolari\",\"image\":{\"@type\":\"ImageObject\",\"inLanguage\":\"de-DE\",\"@id\":\"https:\\\/\\\/secure.gravatar.com\\\/avatar\\\/bddbf6c4215c8ad29d75ecf963b024c92550de321387c7380cd856930a9ff769?s=96&d=mm&r=g\",\"url\":\"https:\\\/\\\/secure.gravatar.com\\\/avatar\\\/bddbf6c4215c8ad29d75ecf963b024c92550de321387c7380cd856930a9ff769?s=96&d=mm&r=g\",\"contentUrl\":\"https:\\\/\\\/secure.gravatar.com\\\/avatar\\\/bddbf6c4215c8ad29d75ecf963b024c92550de321387c7380cd856930a9ff769?s=96&d=mm&r=g\",\"caption\":\"circolari\"},\"url\":\"https:\\\/\\\/data.bz.it\\\/de\\\/author\\\/circolari\\\/\"}]}<\/script>\n<!-- \/ Yoast SEO plugin. -->","yoast_head_json":{"title":"KOLLEKTIVVERTRAG HANDEL, VERTRIEB UND DIENSTLEISTUNGEN \u2013 ANPASSUNG DER MINDESTL\u00d6HNE AB NOVEMBER 2025 - DataConsulting","robots":{"index":"index","follow":"follow","max-snippet":"max-snippet:-1","max-image-preview":"max-image-preview:large","max-video-preview":"max-video-preview:-1"},"canonical":"https:\/\/data.bz.it\/de\/kollektivvertrag-handel-vertrieb-und-dienstleistungen-anpassung-der-mindestloehne-ab-november-2025\/","og_locale":"de_DE","og_type":"article","og_title":"KOLLEKTIVVERTRAG HANDEL, VERTRIEB UND DIENSTLEISTUNGEN \u2013 ANPASSUNG DER MINDESTL\u00d6HNE AB NOVEMBER 2025 - DataConsulting","og_description":"Sehr geehrte Kundinnen und Kunden, in Bezug auf unsere Rundschreiben vom 28.03.2025 und 24.04.2024 \u00fcbermitteln wir Ihnen nachfolgend ein aktualisiertes Informationsschreiben, das sich ausschlie\u00dflich auf die noch ausstehenden kollektivvertraglichen Lohnerh\u00f6hungen bezieht \u2013 mit besonderem Schwerpunkt auf der anstehenden Anpassung im November 2025. Weiterlesen","og_url":"https:\/\/data.bz.it\/de\/kollektivvertrag-handel-vertrieb-und-dienstleistungen-anpassung-der-mindestloehne-ab-november-2025\/","og_site_name":"DataConsulting","article_published_time":"2025-11-11T07:50:33+00:00","og_image":[{"width":1600,"height":802,"url":"https:\/\/data.bz.it\/wp-content\/uploads\/2019\/10\/databz-og-1.png","type":"image\/png"}],"author":"circolari","twitter_card":"summary_large_image","twitter_misc":{"Written by":"circolari","Est. reading time":"1 minute"},"schema":{"@context":"https:\/\/schema.org","@graph":[{"@type":"Article","@id":"https:\/\/data.bz.it\/de\/kollektivvertrag-handel-vertrieb-und-dienstleistungen-anpassung-der-mindestloehne-ab-november-2025\/#article","isPartOf":{"@id":"https:\/\/data.bz.it\/de\/kollektivvertrag-handel-vertrieb-und-dienstleistungen-anpassung-der-mindestloehne-ab-november-2025\/"},"author":{"name":"circolari","@id":"https:\/\/data.bz.it\/it\/#\/schema\/person\/50ec44bd6f067eff027eb9f850112892"},"headline":"KOLLEKTIVVERTRAG HANDEL, VERTRIEB UND DIENSTLEISTUNGEN \u2013 ANPASSUNG DER MINDESTL\u00d6HNE AB NOVEMBER 2025","datePublished":"2025-11-11T07:50:33+00:00","mainEntityOfPage":{"@id":"https:\/\/data.bz.it\/de\/kollektivvertrag-handel-vertrieb-und-dienstleistungen-anpassung-der-mindestloehne-ab-november-2025\/"},"wordCount":52,"keywords":["Personalverwaltung"],"inLanguage":"de-DE"},{"@type":"WebPage","@id":"https:\/\/data.bz.it\/de\/kollektivvertrag-handel-vertrieb-und-dienstleistungen-anpassung-der-mindestloehne-ab-november-2025\/","url":"https:\/\/data.bz.it\/de\/kollektivvertrag-handel-vertrieb-und-dienstleistungen-anpassung-der-mindestloehne-ab-november-2025\/","name":"KOLLEKTIVVERTRAG HANDEL, VERTRIEB UND DIENSTLEISTUNGEN \u2013 ANPASSUNG DER MINDESTL\u00d6HNE AB NOVEMBER 2025 - DataConsulting","isPartOf":{"@id":"https:\/\/data.bz.it\/it\/#website"},"datePublished":"2025-11-11T07:50:33+00:00","author":{"@id":"https:\/\/data.bz.it\/it\/#\/schema\/person\/50ec44bd6f067eff027eb9f850112892"},"breadcrumb":{"@id":"https:\/\/data.bz.it\/de\/kollektivvertrag-handel-vertrieb-und-dienstleistungen-anpassung-der-mindestloehne-ab-november-2025\/#breadcrumb"},"inLanguage":"de-DE","potentialAction":[{"@type":"ReadAction","target":["https:\/\/data.bz.it\/de\/kollektivvertrag-handel-vertrieb-und-dienstleistungen-anpassung-der-mindestloehne-ab-november-2025\/"]}]},{"@type":"BreadcrumbList","@id":"https:\/\/data.bz.it\/de\/kollektivvertrag-handel-vertrieb-und-dienstleistungen-anpassung-der-mindestloehne-ab-november-2025\/#breadcrumb","itemListElement":[{"@type":"ListItem","position":1,"name":"Home","item":"https:\/\/data.bz.it\/de\/"},{"@type":"ListItem","position":2,"name":"KOLLEKTIVVERTRAG HANDEL, VERTRIEB UND DIENSTLEISTUNGEN \u2013 ANPASSUNG DER MINDESTL\u00d6HNE AB NOVEMBER 2025"}]},{"@type":"WebSite","@id":"https:\/\/data.bz.it\/it\/#website","url":"https:\/\/data.bz.it\/it\/","name":"DataConsulting","description":"Un nuovo sito targato WordPress","potentialAction":[{"@type":"SearchAction","target":{"@type":"EntryPoint","urlTemplate":"https:\/\/data.bz.it\/it\/?s={search_term_string}"},"query-input":{"@type":"PropertyValueSpecification","valueRequired":true,"valueName":"search_term_string"}}],"inLanguage":"de-DE"},{"@type":"Person","@id":"https:\/\/data.bz.it\/it\/#\/schema\/person\/50ec44bd6f067eff027eb9f850112892","name":"circolari","image":{"@type":"ImageObject","inLanguage":"de-DE","@id":"https:\/\/secure.gravatar.com\/avatar\/bddbf6c4215c8ad29d75ecf963b024c92550de321387c7380cd856930a9ff769?s=96&d=mm&r=g","url":"https:\/\/secure.gravatar.com\/avatar\/bddbf6c4215c8ad29d75ecf963b024c92550de321387c7380cd856930a9ff769?s=96&d=mm&r=g","contentUrl":"https:\/\/secure.gravatar.com\/avatar\/bddbf6c4215c8ad29d75ecf963b024c92550de321387c7380cd856930a9ff769?s=96&d=mm&r=g","caption":"circolari"},"url":"https:\/\/data.bz.it\/de\/author\/circolari\/"}]}},"_links":{"self":[{"href":"https:\/\/data.bz.it\/de\/wp-json\/wp\/v2\/posts\/6596","targetHints":{"allow":["GET"]}}],"collection":[{"href":"https:\/\/data.bz.it\/de\/wp-json\/wp\/v2\/posts"}],"about":[{"href":"https:\/\/data.bz.it\/de\/wp-json\/wp\/v2\/types\/post"}],"author":[{"embeddable":true,"href":"https:\/\/data.bz.it\/de\/wp-json\/wp\/v2\/users\/8"}],"replies":[{"embeddable":true,"href":"https:\/\/data.bz.it\/de\/wp-json\/wp\/v2\/comments?post=6596"}],"version-history":[{"count":1,"href":"https:\/\/data.bz.it\/de\/wp-json\/wp\/v2\/posts\/6596\/revisions"}],"predecessor-version":[{"id":6599,"href":"https:\/\/data.bz.it\/de\/wp-json\/wp\/v2\/posts\/6596\/revisions\/6599"}],"wp:attachment":[{"href":"https:\/\/data.bz.it\/de\/wp-json\/wp\/v2\/media?parent=6596"}],"wp:term":[{"taxonomy":"post_tag","embeddable":true,"href":"https:\/\/data.bz.it\/de\/wp-json\/wp\/v2\/tags?post=6596"}],"curies":[{"name":"wp","href":"https:\/\/api.w.org\/{rel}","templated":true}]}}