{"id":6342,"date":"2025-04-03T12:17:58","date_gmt":"2025-04-03T10:17:58","guid":{"rendered":"https:\/\/data.bz.it\/?p=6342"},"modified":"2025-04-03T12:17:58","modified_gmt":"2025-04-03T10:17:58","slug":"verwalter-von-kapital-und-personengesellschaften-neue-verpflichtung","status":"publish","type":"post","link":"https:\/\/data.bz.it\/de\/verwalter-von-kapital-und-personengesellschaften-neue-verpflichtung\/","title":{"rendered":"VERWALTER VON KAPITAL UND PERSONENGESELLSCHAFTEN &#8211; NEUE VERPFLICHTUNG"},"content":{"rendered":"<p>Wir m\u00f6chten Sie darauf hinweisen, dass am 1. Januar 2025 die im Haushaltsgesetz 2025 festgelegte<br \/>\nVerpflichtung f\u00fcr Gesch\u00e4ftsf\u00fchrer von Gesellschaften in Kraft getreten ist, ihren digitalen Wohnsitz<br \/>\n(PEC) dem Unternehmensregister bei der Handelskammer mitzuteilen.<\/p>\n<p><a href=\"https:\/\/data.bz.it\/wp-content\/uploads\/2025\/04\/PECAMMINISTRATORI2025TED.pdf\">Weiterlesen<\/a><\/p>\n","protected":false},"excerpt":{"rendered":"<p>Wir m\u00f6chten Sie darauf hinweisen, dass am 1. Januar 2025 die im Haushaltsgesetz 2025 festgelegte Verpflichtung f\u00fcr Gesch\u00e4ftsf\u00fchrer von Gesellschaften in Kraft getreten ist, ihren digitalen Wohnsitz (PEC) dem Unternehmensregister bei der Handelskammer mitzuteilen. Weiterlesen<\/p>\n","protected":false},"author":8,"featured_media":0,"comment_status":"open","ping_status":"open","sticky":false,"template":"","format":"standard","meta":{"footnotes":""},"tags":[68],"class_list":["post-6342","post","type-post","status-publish","format-standard","hentry","tag-beratung"],"yoast_head":"<!-- This site is optimized with the Yoast SEO plugin v27.3 - https:\/\/yoast.com\/product\/yoast-seo-wordpress\/ -->\n<title>VERWALTER VON KAPITAL UND PERSONENGESELLSCHAFTEN - NEUE VERPFLICHTUNG - DataConsulting<\/title>\n<meta name=\"robots\" content=\"index, follow, max-snippet:-1, max-image-preview:large, max-video-preview:-1\" \/>\n<link rel=\"canonical\" href=\"https:\/\/data.bz.it\/de\/verwalter-von-kapital-und-personengesellschaften-neue-verpflichtung\/\" \/>\n<meta property=\"og:locale\" content=\"de_DE\" \/>\n<meta property=\"og:type\" content=\"article\" \/>\n<meta property=\"og:title\" content=\"VERWALTER VON KAPITAL UND PERSONENGESELLSCHAFTEN - NEUE VERPFLICHTUNG - DataConsulting\" \/>\n<meta property=\"og:description\" content=\"Wir m\u00f6chten Sie darauf hinweisen, dass am 1. Januar 2025 die im Haushaltsgesetz 2025 festgelegte Verpflichtung f\u00fcr Gesch\u00e4ftsf\u00fchrer von Gesellschaften in Kraft getreten ist, ihren digitalen Wohnsitz (PEC) dem Unternehmensregister bei der Handelskammer mitzuteilen. Weiterlesen\" \/>\n<meta property=\"og:url\" content=\"https:\/\/data.bz.it\/de\/verwalter-von-kapital-und-personengesellschaften-neue-verpflichtung\/\" \/>\n<meta property=\"og:site_name\" content=\"DataConsulting\" \/>\n<meta property=\"article:published_time\" content=\"2025-04-03T10:17:58+00:00\" \/>\n<meta property=\"og:image\" content=\"https:\/\/data.bz.it\/wp-content\/uploads\/2019\/10\/databz-og-1.png\" \/>\n\t<meta property=\"og:image:width\" content=\"1600\" \/>\n\t<meta property=\"og:image:height\" content=\"802\" \/>\n\t<meta property=\"og:image:type\" content=\"image\/png\" \/>\n<meta name=\"author\" content=\"circolari\" \/>\n<meta name=\"twitter:card\" content=\"summary_large_image\" \/>\n<meta name=\"twitter:label1\" content=\"Written by\" \/>\n\t<meta name=\"twitter:data1\" content=\"circolari\" \/>\n\t<meta name=\"twitter:label2\" content=\"Est. reading time\" \/>\n\t<meta name=\"twitter:data2\" content=\"1 minute\" \/>\n<script type=\"application\/ld+json\" class=\"yoast-schema-graph\">{\"@context\":\"https:\\\/\\\/schema.org\",\"@graph\":[{\"@type\":\"Article\",\"@id\":\"https:\\\/\\\/data.bz.it\\\/de\\\/verwalter-von-kapital-und-personengesellschaften-neue-verpflichtung\\\/#article\",\"isPartOf\":{\"@id\":\"https:\\\/\\\/data.bz.it\\\/de\\\/verwalter-von-kapital-und-personengesellschaften-neue-verpflichtung\\\/\"},\"author\":{\"name\":\"circolari\",\"@id\":\"https:\\\/\\\/data.bz.it\\\/it\\\/#\\\/schema\\\/person\\\/50ec44bd6f067eff027eb9f850112892\"},\"headline\":\"VERWALTER VON KAPITAL UND PERSONENGESELLSCHAFTEN &#8211; NEUE VERPFLICHTUNG\",\"datePublished\":\"2025-04-03T10:17:58+00:00\",\"mainEntityOfPage\":{\"@id\":\"https:\\\/\\\/data.bz.it\\\/de\\\/verwalter-von-kapital-und-personengesellschaften-neue-verpflichtung\\\/\"},\"wordCount\":44,\"commentCount\":0,\"keywords\":[\"BERATUNG\"],\"inLanguage\":\"de-DE\"},{\"@type\":\"WebPage\",\"@id\":\"https:\\\/\\\/data.bz.it\\\/de\\\/verwalter-von-kapital-und-personengesellschaften-neue-verpflichtung\\\/\",\"url\":\"https:\\\/\\\/data.bz.it\\\/de\\\/verwalter-von-kapital-und-personengesellschaften-neue-verpflichtung\\\/\",\"name\":\"VERWALTER VON KAPITAL UND PERSONENGESELLSCHAFTEN - NEUE VERPFLICHTUNG - DataConsulting\",\"isPartOf\":{\"@id\":\"https:\\\/\\\/data.bz.it\\\/it\\\/#website\"},\"datePublished\":\"2025-04-03T10:17:58+00:00\",\"author\":{\"@id\":\"https:\\\/\\\/data.bz.it\\\/it\\\/#\\\/schema\\\/person\\\/50ec44bd6f067eff027eb9f850112892\"},\"breadcrumb\":{\"@id\":\"https:\\\/\\\/data.bz.it\\\/de\\\/verwalter-von-kapital-und-personengesellschaften-neue-verpflichtung\\\/#breadcrumb\"},\"inLanguage\":\"de-DE\",\"potentialAction\":[{\"@type\":\"ReadAction\",\"target\":[\"https:\\\/\\\/data.bz.it\\\/de\\\/verwalter-von-kapital-und-personengesellschaften-neue-verpflichtung\\\/\"]}]},{\"@type\":\"BreadcrumbList\",\"@id\":\"https:\\\/\\\/data.bz.it\\\/de\\\/verwalter-von-kapital-und-personengesellschaften-neue-verpflichtung\\\/#breadcrumb\",\"itemListElement\":[{\"@type\":\"ListItem\",\"position\":1,\"name\":\"Home\",\"item\":\"https:\\\/\\\/data.bz.it\\\/de\\\/\"},{\"@type\":\"ListItem\",\"position\":2,\"name\":\"VERWALTER VON KAPITAL UND PERSONENGESELLSCHAFTEN &#8211; NEUE VERPFLICHTUNG\"}]},{\"@type\":\"WebSite\",\"@id\":\"https:\\\/\\\/data.bz.it\\\/it\\\/#website\",\"url\":\"https:\\\/\\\/data.bz.it\\\/it\\\/\",\"name\":\"DataConsulting\",\"description\":\"Un nuovo sito targato WordPress\",\"potentialAction\":[{\"@type\":\"SearchAction\",\"target\":{\"@type\":\"EntryPoint\",\"urlTemplate\":\"https:\\\/\\\/data.bz.it\\\/it\\\/?s={search_term_string}\"},\"query-input\":{\"@type\":\"PropertyValueSpecification\",\"valueRequired\":true,\"valueName\":\"search_term_string\"}}],\"inLanguage\":\"de-DE\"},{\"@type\":\"Person\",\"@id\":\"https:\\\/\\\/data.bz.it\\\/it\\\/#\\\/schema\\\/person\\\/50ec44bd6f067eff027eb9f850112892\",\"name\":\"circolari\",\"image\":{\"@type\":\"ImageObject\",\"inLanguage\":\"de-DE\",\"@id\":\"https:\\\/\\\/secure.gravatar.com\\\/avatar\\\/bddbf6c4215c8ad29d75ecf963b024c92550de321387c7380cd856930a9ff769?s=96&d=mm&r=g\",\"url\":\"https:\\\/\\\/secure.gravatar.com\\\/avatar\\\/bddbf6c4215c8ad29d75ecf963b024c92550de321387c7380cd856930a9ff769?s=96&d=mm&r=g\",\"contentUrl\":\"https:\\\/\\\/secure.gravatar.com\\\/avatar\\\/bddbf6c4215c8ad29d75ecf963b024c92550de321387c7380cd856930a9ff769?s=96&d=mm&r=g\",\"caption\":\"circolari\"},\"url\":\"https:\\\/\\\/data.bz.it\\\/de\\\/author\\\/circolari\\\/\"}]}<\/script>\n<!-- \/ Yoast SEO plugin. -->","yoast_head_json":{"title":"VERWALTER VON KAPITAL UND PERSONENGESELLSCHAFTEN - NEUE VERPFLICHTUNG - DataConsulting","robots":{"index":"index","follow":"follow","max-snippet":"max-snippet:-1","max-image-preview":"max-image-preview:large","max-video-preview":"max-video-preview:-1"},"canonical":"https:\/\/data.bz.it\/de\/verwalter-von-kapital-und-personengesellschaften-neue-verpflichtung\/","og_locale":"de_DE","og_type":"article","og_title":"VERWALTER VON KAPITAL UND PERSONENGESELLSCHAFTEN - NEUE VERPFLICHTUNG - DataConsulting","og_description":"Wir m\u00f6chten Sie darauf hinweisen, dass am 1. Januar 2025 die im Haushaltsgesetz 2025 festgelegte Verpflichtung f\u00fcr Gesch\u00e4ftsf\u00fchrer von Gesellschaften in Kraft getreten ist, ihren digitalen Wohnsitz (PEC) dem Unternehmensregister bei der Handelskammer mitzuteilen. Weiterlesen","og_url":"https:\/\/data.bz.it\/de\/verwalter-von-kapital-und-personengesellschaften-neue-verpflichtung\/","og_site_name":"DataConsulting","article_published_time":"2025-04-03T10:17:58+00:00","og_image":[{"width":1600,"height":802,"url":"https:\/\/data.bz.it\/wp-content\/uploads\/2019\/10\/databz-og-1.png","type":"image\/png"}],"author":"circolari","twitter_card":"summary_large_image","twitter_misc":{"Written by":"circolari","Est. reading time":"1 minute"},"schema":{"@context":"https:\/\/schema.org","@graph":[{"@type":"Article","@id":"https:\/\/data.bz.it\/de\/verwalter-von-kapital-und-personengesellschaften-neue-verpflichtung\/#article","isPartOf":{"@id":"https:\/\/data.bz.it\/de\/verwalter-von-kapital-und-personengesellschaften-neue-verpflichtung\/"},"author":{"name":"circolari","@id":"https:\/\/data.bz.it\/it\/#\/schema\/person\/50ec44bd6f067eff027eb9f850112892"},"headline":"VERWALTER VON KAPITAL UND PERSONENGESELLSCHAFTEN &#8211; NEUE VERPFLICHTUNG","datePublished":"2025-04-03T10:17:58+00:00","mainEntityOfPage":{"@id":"https:\/\/data.bz.it\/de\/verwalter-von-kapital-und-personengesellschaften-neue-verpflichtung\/"},"wordCount":44,"commentCount":0,"keywords":["BERATUNG"],"inLanguage":"de-DE"},{"@type":"WebPage","@id":"https:\/\/data.bz.it\/de\/verwalter-von-kapital-und-personengesellschaften-neue-verpflichtung\/","url":"https:\/\/data.bz.it\/de\/verwalter-von-kapital-und-personengesellschaften-neue-verpflichtung\/","name":"VERWALTER VON KAPITAL UND PERSONENGESELLSCHAFTEN - NEUE VERPFLICHTUNG - DataConsulting","isPartOf":{"@id":"https:\/\/data.bz.it\/it\/#website"},"datePublished":"2025-04-03T10:17:58+00:00","author":{"@id":"https:\/\/data.bz.it\/it\/#\/schema\/person\/50ec44bd6f067eff027eb9f850112892"},"breadcrumb":{"@id":"https:\/\/data.bz.it\/de\/verwalter-von-kapital-und-personengesellschaften-neue-verpflichtung\/#breadcrumb"},"inLanguage":"de-DE","potentialAction":[{"@type":"ReadAction","target":["https:\/\/data.bz.it\/de\/verwalter-von-kapital-und-personengesellschaften-neue-verpflichtung\/"]}]},{"@type":"BreadcrumbList","@id":"https:\/\/data.bz.it\/de\/verwalter-von-kapital-und-personengesellschaften-neue-verpflichtung\/#breadcrumb","itemListElement":[{"@type":"ListItem","position":1,"name":"Home","item":"https:\/\/data.bz.it\/de\/"},{"@type":"ListItem","position":2,"name":"VERWALTER VON KAPITAL UND PERSONENGESELLSCHAFTEN &#8211; NEUE VERPFLICHTUNG"}]},{"@type":"WebSite","@id":"https:\/\/data.bz.it\/it\/#website","url":"https:\/\/data.bz.it\/it\/","name":"DataConsulting","description":"Un nuovo sito targato WordPress","potentialAction":[{"@type":"SearchAction","target":{"@type":"EntryPoint","urlTemplate":"https:\/\/data.bz.it\/it\/?s={search_term_string}"},"query-input":{"@type":"PropertyValueSpecification","valueRequired":true,"valueName":"search_term_string"}}],"inLanguage":"de-DE"},{"@type":"Person","@id":"https:\/\/data.bz.it\/it\/#\/schema\/person\/50ec44bd6f067eff027eb9f850112892","name":"circolari","image":{"@type":"ImageObject","inLanguage":"de-DE","@id":"https:\/\/secure.gravatar.com\/avatar\/bddbf6c4215c8ad29d75ecf963b024c92550de321387c7380cd856930a9ff769?s=96&d=mm&r=g","url":"https:\/\/secure.gravatar.com\/avatar\/bddbf6c4215c8ad29d75ecf963b024c92550de321387c7380cd856930a9ff769?s=96&d=mm&r=g","contentUrl":"https:\/\/secure.gravatar.com\/avatar\/bddbf6c4215c8ad29d75ecf963b024c92550de321387c7380cd856930a9ff769?s=96&d=mm&r=g","caption":"circolari"},"url":"https:\/\/data.bz.it\/de\/author\/circolari\/"}]}},"_links":{"self":[{"href":"https:\/\/data.bz.it\/de\/wp-json\/wp\/v2\/posts\/6342","targetHints":{"allow":["GET"]}}],"collection":[{"href":"https:\/\/data.bz.it\/de\/wp-json\/wp\/v2\/posts"}],"about":[{"href":"https:\/\/data.bz.it\/de\/wp-json\/wp\/v2\/types\/post"}],"author":[{"embeddable":true,"href":"https:\/\/data.bz.it\/de\/wp-json\/wp\/v2\/users\/8"}],"replies":[{"embeddable":true,"href":"https:\/\/data.bz.it\/de\/wp-json\/wp\/v2\/comments?post=6342"}],"version-history":[{"count":1,"href":"https:\/\/data.bz.it\/de\/wp-json\/wp\/v2\/posts\/6342\/revisions"}],"predecessor-version":[{"id":6345,"href":"https:\/\/data.bz.it\/de\/wp-json\/wp\/v2\/posts\/6342\/revisions\/6345"}],"wp:attachment":[{"href":"https:\/\/data.bz.it\/de\/wp-json\/wp\/v2\/media?parent=6342"}],"wp:term":[{"taxonomy":"post_tag","embeddable":true,"href":"https:\/\/data.bz.it\/de\/wp-json\/wp\/v2\/tags?post=6342"}],"curies":[{"name":"wp","href":"https:\/\/api.w.org\/{rel}","templated":true}]}}